{"id":980,"date":"2016-10-14T22:08:11","date_gmt":"2016-10-14T20:08:11","guid":{"rendered":"http:\/\/patxilarrainzar.com\/?p=980"},"modified":"2016-10-14T22:08:11","modified_gmt":"2016-10-14T20:08:11","slug":"zuzendaritza-mesua-mensaje-de-direccion","status":"publish","type":"post","link":"https:\/\/patxilarrainzar.com\/?p=980","title":{"rendered":"Zuzendaritza mesua \/ Mensaje de direcci\u00f3n"},"content":{"rendered":"<p>&nbsp;<\/p>\n<div class=\"all-columns\">\n<div class=\"one-half first\">\n<p>Familia agurgarriak:<\/p>\n<p>Aurretik banatutakoegutegietan (bai hasierako liburuxkan, bai ikasleen agendetan, bai webgunean) akats bat zegoen. Bertan abenduak 22 jai eguna bezala agertzen da baina ez da horrela.<\/p>\n<p><span style=\"text-decoration: underline;\">ABENDUAK 22 KLASE-EGUNA DA<\/span>, egun horretan \u00a0bertan egingo dugu gabonetako jaia eta klaseak bakarrik goizez izango dira.<\/p>\n<p>Barkatu eragozpenak,<\/p>\n<p>ZUZENDARITZA<\/p>\n<\/div>\n<div class=\"one-half\">\n<p>Estimadas familias,<\/p>\n<p>En los calendarios que os hemos repartido con anterioridad (bien en el cuadernillo de principio de curso, bien en las agendas de los\/las alumnos\/as, bien en la p\u00e1gina web) hab\u00eda un error. En ellos aparec\u00eda el 22 de diciembre como festivo, pero no es correcto.<\/p>\n<p><span style=\"text-decoration: underline;\">EL D\u00cdA 22 DE DICIEMBRE ES D\u00cdA LECTIVO<\/span>. Ese d\u00eda haremos la fiesta de Navidad y s\u00f3lo habr\u00e1 clase por la ma\u00f1ana.<\/p>\n<p>Disculpad las molestias,<\/p>\n<p>DIRECCI\u00d3N<\/p>\n<\/div>\n<\/div>\n<p>&nbsp;<\/p>\n<p>&nbsp;<\/p>\n","protected":false},"excerpt":{"rendered":"<p>&nbsp; Familia agurgarriak: Aurretik banatutakoegutegietan (bai hasierako liburuxkan, bai ikasleen agendetan, bai webgunean) akats bat zegoen. Bertan abenduak 22 jai eguna bezala agertzen da baina ez da horrela. ABENDUAK 22 KLASE-EGUNA DA, egun horretan \u00a0bertan egingo dugu gabonetako jaia eta klaseak bakarrik goizez izango dira. Barkatu eragozpenak, ZUZENDARITZA Estimadas familias, En los calendarios que os hemos repartido con anterioridad (bien en el cuadernillo de principio de curso, bien en las agendas de los\/las alumnos\/as, bien en la p\u00e1gina web) hab\u00eda un error. En ellos aparec\u00eda el 22 de diciembre como festivo, pero no es correcto. EL D\u00cdA 22 DE DICIEMBRE ES D\u00cdA LECTIVO. Ese d\u00eda haremos la fiesta de Navidad [&hellip;]<\/p>\n","protected":false},"author":3,"featured_media":0,"comment_status":"open","ping_status":"open","sticky":false,"template":"","format":"standard","meta":{"footnotes":""},"categories":[3],"tags":[],"class_list":["post-980","post","type-post","status-publish","format-standard","hentry","category-anuncios-iragarkiak"],"_links":{"self":[{"href":"https:\/\/patxilarrainzar.com\/index.php?rest_route=\/wp\/v2\/posts\/980","targetHints":{"allow":["GET"]}}],"collection":[{"href":"https:\/\/patxilarrainzar.com\/index.php?rest_route=\/wp\/v2\/posts"}],"about":[{"href":"https:\/\/patxilarrainzar.com\/index.php?rest_route=\/wp\/v2\/types\/post"}],"author":[{"embeddable":true,"href":"https:\/\/patxilarrainzar.com\/index.php?rest_route=\/wp\/v2\/users\/3"}],"replies":[{"embeddable":true,"href":"https:\/\/patxilarrainzar.com\/index.php?rest_route=%2Fwp%2Fv2%2Fcomments&post=980"}],"version-history":[{"count":2,"href":"https:\/\/patxilarrainzar.com\/index.php?rest_route=\/wp\/v2\/posts\/980\/revisions"}],"predecessor-version":[{"id":982,"href":"https:\/\/patxilarrainzar.com\/index.php?rest_route=\/wp\/v2\/posts\/980\/revisions\/982"}],"wp:attachment":[{"href":"https:\/\/patxilarrainzar.com\/index.php?rest_route=%2Fwp%2Fv2%2Fmedia&parent=980"}],"wp:term":[{"taxonomy":"category","embeddable":true,"href":"https:\/\/patxilarrainzar.com\/index.php?rest_route=%2Fwp%2Fv2%2Fcategories&post=980"},{"taxonomy":"post_tag","embeddable":true,"href":"https:\/\/patxilarrainzar.com\/index.php?rest_route=%2Fwp%2Fv2%2Ftags&post=980"}],"curies":[{"name":"wp","href":"https:\/\/api.w.org\/{rel}","templated":true}]}}