{"id":934,"date":"2016-09-09T09:02:41","date_gmt":"2016-09-09T07:02:41","guid":{"rendered":"http:\/\/patxilarrainzar.com\/?p=934"},"modified":"2016-09-09T09:07:45","modified_gmt":"2016-09-09T07:07:45","slug":"hitzaldi-eztabaida-charla-debate-hartos-de-los-deberes-de-nuestros-hijos","status":"publish","type":"post","link":"https:\/\/patxilarrainzar.com\/?p=934","title":{"rendered":"Hitzaldi-eztabaida \/ Charla-debate \u00abHartos de los deberes de nuestros hijos\u00bb"},"content":{"rendered":"<div class=\"all-columns\">\n<div class=\"one-half first\">\nGuraso agurgarriak:<\/p>\n<p>Nafarroako Unibertsitate Publikoko Psikologia eta Pedagogia Sailak atsegin handiz gonbidatzen zaituzte Jaume Funesen hitzaldi-eztabaidan parte hartzera, liburu berri bat argitaratu duelako: <strong>\u00abHartos de los deberes de nuestros hijos\u00bb<\/strong>.<\/p>\n<p>Jaume Funes psikologoa, hezitzailea eta kazetaria da, eta bere bizitza profesionala nerabeen eta gazteen munduari eskaini die, eta beren gizarte zailtasunei. Hezkuntza munduan, engaiatua egon da berrikuntza pedagogikoan, pedagogia aktiboko eskoletan, bigarren hezkuntzako ikastetxeetan eta aholkularitza psikopedagokikoaren taldeetan. Ramon Llull Unibertsitatean garatu ditu ikerketa eta irakaskuntza lanak.<\/p>\n<p>Hitzaldia (zeinera sartzea librea eta doakoa baita) <strong>Sario eraikineko 04<\/strong>. Ikasgelan izango da, <strong>irailaren 14an, asteazkenean, 17:00etatik 19:00etara<\/strong>. Ekitaldia behar bezala antolatzeko, halaber eskatzen dizuegu joateko asmoa duenak ondorengo estekan baiezta dezala:<\/p>\n<p><a id=\"yiv9054629120LPlnk961828\" class=\"yiv9054629120moz-txt-link-freetext\" href=\"https:\/\/goo.gl\/forms\/WljEUu8C7uSBuN8m2\" target=\"_blank\" rel=\"noreferrer\">https:\/\/goo.gl\/forms\/WljEUu8C7uSBuN8m2<\/a> (baieztatzeko azken eguna, irailaren 12a, astelehena).<\/p>\n<p><a href=\"http:\/\/patxilarrainzar.com\/wp-content\/uploads\/2016\/09\/Invitacion-Charla-Jaume-Funes.pdf\">invitacion-charla-jaume-funes<\/a><\/p>\n<\/div>\n<div class=\"one-half\">\nEstimados padres y madres:<\/p>\n<p>Desde el Departamento de Psicolog\u00eda y Pedagog\u00eda de la Universidad P\u00fablica de Navarra nos complace invitaros a participar en la charla-debate de <b>Jaume Funes<\/b>, con motivo de la publicaci\u00f3n de su nuevo libro: <strong>\u00abHartos de los deberes de nuestros hijos\u00bb<\/strong>.<\/p>\n<p>Jaume Funes, psic\u00f3logo, educador y periodista, ha dedicado su vida profesional al mundo de los adolescentes y j\u00f3venes y a sus dificultades sociales. En el mundo educativo ha estado implicado en la renovaci\u00f3n pedag\u00f3gica, las escuelas de la pedagog\u00eda activa, los centros de secundaria y los equipos de asesoramiento psicopedag\u00f3gico. Su actividad docente e investigadora universitaria ha tenido lugar en la Universidad Ramon Llull.<\/p>\n<p>La charla (de aforo libre y entrada gratuita) se celebrar\u00e1 el pr\u00f3ximo <strong>mi\u00e9rcoles 14 de Septiembre de 17:00 a 19:00<\/strong> horas en el <strong>Aula 04 del Edificio de El Sario de la UPNA<\/strong>. De cara a una buena organizaci\u00f3n del evento, os solicitamos que quien quiera asistir lo confirme a trav\u00e9s del siguiente enlace:<\/p>\n<p><a id=\"yiv9054629120LPlnk961828\" class=\"yiv9054629120moz-txt-link-freetext\" href=\"https:\/\/goo.gl\/forms\/WljEUu8C7uSBuN8m2\" target=\"_blank\" rel=\"noreferrer\">https:\/\/goo.gl\/forms\/WljEUu8C7uSBuN8m2<\/a> (fecha l\u00edmite de confirmaci\u00f3n el lunes 12 de septiembre).<\/p>\n<p><a href=\"http:\/\/patxilarrainzar.com\/wp-content\/uploads\/2016\/09\/Invitacion-Charla-Jaume-Funes.pdf\">invitacion-charla-jaume-funes<\/a><\/p>\n<\/div>\n<\/div>\n<p style=\"text-align: center;\">\u00a0<a href=\"http:\/\/patxilarrainzar.com\/wp-content\/uploads\/2016\/09\/pillcgkbdbjiepom.png\"><img loading=\"lazy\" decoding=\"async\" class=\"alignnone size-medium wp-image-944\" src=\"http:\/\/patxilarrainzar.com\/wp-content\/uploads\/2016\/09\/pillcgkbdbjiepom-217x300.png\" alt=\"pillcgkbdbjiepom\" width=\"217\" height=\"300\" srcset=\"https:\/\/patxilarrainzar.com\/wp-content\/uploads\/2016\/09\/pillcgkbdbjiepom-217x300.png 217w, https:\/\/patxilarrainzar.com\/wp-content\/uploads\/2016\/09\/pillcgkbdbjiepom.png 279w\" sizes=\"auto, (max-width: 217px) 100vw, 217px\" \/><\/a><\/p>\n<p>&nbsp;<\/p>\n","protected":false},"excerpt":{"rendered":"<p>Guraso agurgarriak: Nafarroako Unibertsitate Publikoko Psikologia eta Pedagogia Sailak atsegin handiz gonbidatzen zaituzte Jaume Funesen hitzaldi-eztabaidan parte hartzera, liburu berri bat argitaratu duelako: \u00abHartos de los deberes de nuestros hijos\u00bb. Jaume Funes psikologoa, hezitzailea eta kazetaria da, eta bere bizitza profesionala nerabeen eta gazteen munduari eskaini die, eta beren gizarte zailtasunei. Hezkuntza munduan, engaiatua egon da berrikuntza pedagogikoan, pedagogia aktiboko eskoletan, bigarren hezkuntzako ikastetxeetan eta aholkularitza psikopedagokikoaren taldeetan. Ramon Llull Unibertsitatean garatu ditu ikerketa eta irakaskuntza lanak. Hitzaldia (zeinera sartzea librea eta doakoa baita) Sario eraikineko 04. Ikasgelan izango da, irailaren 14an, asteazkenean, 17:00etatik 19:00etara. Ekitaldia behar bezala antolatzeko, halaber eskatzen dizuegu joateko asmoa duenak ondorengo estekan baiezta dezala: https:\/\/goo.gl\/forms\/WljEUu8C7uSBuN8m2 [&hellip;]<\/p>\n","protected":false},"author":5,"featured_media":0,"comment_status":"open","ping_status":"open","sticky":false,"template":"","format":"standard","meta":{"footnotes":""},"categories":[11,3],"tags":[],"class_list":["post-934","post","type-post","status-publish","format-standard","hentry","category-escuela-padres","category-anuncios-iragarkiak"],"_links":{"self":[{"href":"https:\/\/patxilarrainzar.com\/index.php?rest_route=\/wp\/v2\/posts\/934","targetHints":{"allow":["GET"]}}],"collection":[{"href":"https:\/\/patxilarrainzar.com\/index.php?rest_route=\/wp\/v2\/posts"}],"about":[{"href":"https:\/\/patxilarrainzar.com\/index.php?rest_route=\/wp\/v2\/types\/post"}],"author":[{"embeddable":true,"href":"https:\/\/patxilarrainzar.com\/index.php?rest_route=\/wp\/v2\/users\/5"}],"replies":[{"embeddable":true,"href":"https:\/\/patxilarrainzar.com\/index.php?rest_route=%2Fwp%2Fv2%2Fcomments&post=934"}],"version-history":[{"count":12,"href":"https:\/\/patxilarrainzar.com\/index.php?rest_route=\/wp\/v2\/posts\/934\/revisions"}],"predecessor-version":[{"id":948,"href":"https:\/\/patxilarrainzar.com\/index.php?rest_route=\/wp\/v2\/posts\/934\/revisions\/948"}],"wp:attachment":[{"href":"https:\/\/patxilarrainzar.com\/index.php?rest_route=%2Fwp%2Fv2%2Fmedia&parent=934"}],"wp:term":[{"taxonomy":"category","embeddable":true,"href":"https:\/\/patxilarrainzar.com\/index.php?rest_route=%2Fwp%2Fv2%2Fcategories&post=934"},{"taxonomy":"post_tag","embeddable":true,"href":"https:\/\/patxilarrainzar.com\/index.php?rest_route=%2Fwp%2Fv2%2Ftags&post=934"}],"curies":[{"name":"wp","href":"https:\/\/api.w.org\/{rel}","templated":true}]}}