{"id":848,"date":"2016-02-18T11:41:18","date_gmt":"2016-02-18T10:41:18","guid":{"rendered":"http:\/\/patxilarrainzar.com\/?p=848"},"modified":"2016-02-18T11:41:18","modified_gmt":"2016-02-18T10:41:18","slug":"taldearen-presioari-nola-aurre-egin-como-afrontar-la-presion-del-grupo","status":"publish","type":"post","link":"https:\/\/patxilarrainzar.com\/?p=848","title":{"rendered":"TALDEAREN PRESIOARI NOLA AURRE EGIN \/ C\u00d3MO AFRONTAR LA PRESI\u00d3N DEL GRUPO"},"content":{"rendered":"<div class=\"all-columns\">\n<div class=\"one-half first\">\n<p><strong><span style=\"text-decoration: underline;\">TALDEAREN PRESIOARI NOLA AURRE EGIN<\/span><br \/>\n<\/strong><\/p>\n<p><strong>Datak: <\/strong>Otsailaren 23a. Asteartea.<\/p>\n<p><strong>Ordua: <\/strong>15:00etik 16:30ra.<\/p>\n<p><strong>Lekua: <\/strong>Areto Nagusian.<\/p>\n<p><strong>Hizlaria:<\/strong> Carmen Nieto ( Herrikoa federazioa).<\/p>\n<p>&#8211; Zergatik pertsona batzu taldearen presioaren aurrean etsitzen dute<br \/>\n&#8211; Nola uko egin taldearen presioari<br \/>\n&#8211; Taldekideen presioa, positiboa eta indartsua<\/p>\n<\/div>\n<div class=\"one-half\">\n<p><span style=\"text-decoration: underline;\"><strong>C\u00d3MO AFRONTAR LA PRESI\u00d3N DEL GRUPO<\/strong><\/span><\/p>\n<p><strong>Fechas:<\/strong> 23 de febrero. Martes.<\/p>\n<p><strong>Hora:<\/strong> de 15:00 a 16:30h.<\/p>\n<p><strong>Lugar: <\/strong>Sala Multiusos.<\/p>\n<p><strong>Ponente:<\/strong> Carmen Nieto ( Herrikoa federazioa).<\/p>\n<p>&#8211; \u00bfPor qu\u00e9 algunas personas ceden ante la presi\u00f3n del grupo?<br \/>\n&#8211; C\u00f3mo rechazar la presi\u00f3n del grupo<br \/>\n&#8211; La presi\u00f3n de los compa\u00f1eros\/as positiva y poderosa<\/p>\n<\/div>\n<\/div>\n<p>&nbsp;<\/p>\n","protected":false},"excerpt":{"rendered":"<p>TALDEAREN PRESIOARI NOLA AURRE EGIN Datak: Otsailaren 23a. Asteartea. Ordua: 15:00etik 16:30ra. Lekua: Areto Nagusian. Hizlaria: Carmen Nieto ( Herrikoa federazioa). &#8211; Zergatik pertsona batzu taldearen presioaren aurrean etsitzen dute &#8211; Nola uko egin taldearen presioari &#8211; Taldekideen presioa, positiboa eta indartsua C\u00d3MO AFRONTAR LA PRESI\u00d3N DEL GRUPO Fechas: 23 de febrero. Martes. Hora: de 15:00 a 16:30h. Lugar: Sala Multiusos. Ponente: Carmen Nieto ( Herrikoa federazioa). &#8211; \u00bfPor qu\u00e9 algunas personas ceden ante la presi\u00f3n del grupo? &#8211; C\u00f3mo rechazar la presi\u00f3n del grupo &#8211; La presi\u00f3n de los compa\u00f1eros\/as positiva y poderosa &nbsp;<\/p>\n","protected":false},"author":3,"featured_media":0,"comment_status":"open","ping_status":"open","sticky":false,"template":"","format":"standard","meta":{"footnotes":""},"categories":[11,3],"tags":[],"class_list":["post-848","post","type-post","status-publish","format-standard","hentry","category-escuela-padres","category-anuncios-iragarkiak"],"_links":{"self":[{"href":"https:\/\/patxilarrainzar.com\/index.php?rest_route=\/wp\/v2\/posts\/848","targetHints":{"allow":["GET"]}}],"collection":[{"href":"https:\/\/patxilarrainzar.com\/index.php?rest_route=\/wp\/v2\/posts"}],"about":[{"href":"https:\/\/patxilarrainzar.com\/index.php?rest_route=\/wp\/v2\/types\/post"}],"author":[{"embeddable":true,"href":"https:\/\/patxilarrainzar.com\/index.php?rest_route=\/wp\/v2\/users\/3"}],"replies":[{"embeddable":true,"href":"https:\/\/patxilarrainzar.com\/index.php?rest_route=%2Fwp%2Fv2%2Fcomments&post=848"}],"version-history":[{"count":2,"href":"https:\/\/patxilarrainzar.com\/index.php?rest_route=\/wp\/v2\/posts\/848\/revisions"}],"predecessor-version":[{"id":850,"href":"https:\/\/patxilarrainzar.com\/index.php?rest_route=\/wp\/v2\/posts\/848\/revisions\/850"}],"wp:attachment":[{"href":"https:\/\/patxilarrainzar.com\/index.php?rest_route=%2Fwp%2Fv2%2Fmedia&parent=848"}],"wp:term":[{"taxonomy":"category","embeddable":true,"href":"https:\/\/patxilarrainzar.com\/index.php?rest_route=%2Fwp%2Fv2%2Fcategories&post=848"},{"taxonomy":"post_tag","embeddable":true,"href":"https:\/\/patxilarrainzar.com\/index.php?rest_route=%2Fwp%2Fv2%2Ftags&post=848"}],"curies":[{"name":"wp","href":"https:\/\/api.w.org\/{rel}","templated":true}]}}